{"id":529,"date":"2024-07-04T11:03:05","date_gmt":"2024-07-04T11:03:05","guid":{"rendered":"https:\/\/hotelmaterra.com\/?p=529"},"modified":"2024-08-09T12:01:48","modified_gmt":"2024-08-09T12:01:48","slug":"hotel-materra-primio-godisnju-nagradu-za-zelenu-gradnju-i-odrzivo-izgradeni-okolis","status":"publish","type":"post","link":"https:\/\/staging.hotelmaterra.com\/en\/novosti\/hotel-materra-primio-godisnju-nagradu-za-zelenu-gradnju-i-odrzivo-izgradeni-okolis\/","title":{"rendered":"Hotel Materra received the Annual Award for green construction and sustainably built environment"},"content":{"rendered":"<p class=\"caps\">Hotel Materra has been awarded the Annual Green Building and Sustainable Environment Award in the Building of the Year\u2014New Construction category, an award given by the Croatian Green Building Council since 2016.<\/p>\n\n\n\n<p>The award aims to enhance the profession's reputation among the general and professional public, promote excellence in green building and sustainable environments, and continually improve principles of good business practices and circular economy, all with the goal of environmental preservation and sustainable development in the Republic of Croatia.<br>The award is given in 6 categories, and Hotel Materra received the award in the Building of the Year \u2013 New Construction category, which is reserved for buildings completed between January 1, 2023, and July 1, 2024.<\/p>\n\n\n\n<p>Hotel Materra is one of the latest investments by \u017dito Group, a leading agricultural and food conglomerate from Slavonia. This four-star hotel, located in \u010cepin, represents a significant advancement in the group's operations, with the aim of developing Slavonia as a recognizable tourist destination. The investor's idea of respecting and immersing in nature is reflected in the design of Hotel Materra. The main goal was to create a hotel in a natural setting that does not disrupt the environment, and the hotel's interior reflects a commitment to nature and the land.<\/p>\n\n\n\n<p>Hotel Materra contributes to the development of tourism in Slavonia, promoting ecological sustainability through its architectural and energy solutions, and the use of local, natural materials. This project by \u017dito Group represents a synergy between modern tourism and the preservation of the region's natural and cultural heritage.<\/p>\n\n\n\n<div align=\"center\"><div class=\"vertical\"><\/div><\/div>\n\n\n\n<div class=\"wp-block-columns is-layout-flex wp-container-core-columns-is-layout-9d6595d7 wp-block-columns-is-layout-flex\">\n<div class=\"wp-block-column is-layout-flow wp-block-column-is-layout-flow\">\n<figure class=\"wp-block-image size-full\"><img loading=\"lazy\" decoding=\"async\" width=\"1667\" height=\"2500\" src=\"https:\/\/staging.hotelmaterra.com\/wp-content\/uploads\/2024\/08\/ftkafotke-kosir-6-min-copy.webp\" alt=\"\" class=\"wp-image-532\" srcset=\"https:\/\/staging.hotelmaterra.com\/wp-content\/uploads\/2024\/08\/ftkafotke-kosir-6-min-copy.webp 1667w, https:\/\/staging.hotelmaterra.com\/wp-content\/uploads\/2024\/08\/ftkafotke-kosir-6-min-copy-200x300.webp 200w, https:\/\/staging.hotelmaterra.com\/wp-content\/uploads\/2024\/08\/ftkafotke-kosir-6-min-copy-683x1024.webp 683w, https:\/\/staging.hotelmaterra.com\/wp-content\/uploads\/2024\/08\/ftkafotke-kosir-6-min-copy-768x1152.webp 768w, https:\/\/staging.hotelmaterra.com\/wp-content\/uploads\/2024\/08\/ftkafotke-kosir-6-min-copy-1024x1536.webp 1024w, https:\/\/staging.hotelmaterra.com\/wp-content\/uploads\/2024\/08\/ftkafotke-kosir-6-min-copy-1366x2048.webp 1366w, https:\/\/staging.hotelmaterra.com\/wp-content\/uploads\/2024\/08\/ftkafotke-kosir-6-min-copy-8x12.webp 8w\" sizes=\"auto, (max-width: 1667px) 100vw, 1667px\" \/><\/figure>\n<\/div>\n\n\n\n<div class=\"wp-block-column is-layout-flow wp-block-column-is-layout-flow\">\n<figure class=\"wp-block-image size-full\"><img loading=\"lazy\" decoding=\"async\" width=\"1667\" height=\"2500\" src=\"https:\/\/staging.hotelmaterra.com\/wp-content\/uploads\/2024\/08\/ftkafotke-kosir-10-min-copy-2.webp\" alt=\"\" class=\"wp-image-534\" srcset=\"https:\/\/staging.hotelmaterra.com\/wp-content\/uploads\/2024\/08\/ftkafotke-kosir-10-min-copy-2.webp 1667w, https:\/\/staging.hotelmaterra.com\/wp-content\/uploads\/2024\/08\/ftkafotke-kosir-10-min-copy-2-200x300.webp 200w, https:\/\/staging.hotelmaterra.com\/wp-content\/uploads\/2024\/08\/ftkafotke-kosir-10-min-copy-2-683x1024.webp 683w, https:\/\/staging.hotelmaterra.com\/wp-content\/uploads\/2024\/08\/ftkafotke-kosir-10-min-copy-2-768x1152.webp 768w, https:\/\/staging.hotelmaterra.com\/wp-content\/uploads\/2024\/08\/ftkafotke-kosir-10-min-copy-2-1024x1536.webp 1024w, https:\/\/staging.hotelmaterra.com\/wp-content\/uploads\/2024\/08\/ftkafotke-kosir-10-min-copy-2-1366x2048.webp 1366w, https:\/\/staging.hotelmaterra.com\/wp-content\/uploads\/2024\/08\/ftkafotke-kosir-10-min-copy-2-8x12.webp 8w\" sizes=\"auto, (max-width: 1667px) 100vw, 1667px\" \/><\/figure>\n<\/div>\n<\/div>","protected":false},"excerpt":{"rendered":"<p>Hotel Materra has been awarded the Annual Green Building and Sustainable Environment Award in the Building of the Year\u2014New Construction category, an award given by the Croatian Green Building Council since 2016.<\/p>","protected":false},"author":1,"featured_media":530,"comment_status":"open","ping_status":"open","sticky":false,"template":"","format":"standard","meta":{"footnotes":""},"categories":[18],"tags":[],"class_list":["post-529","post","type-post","status-publish","format-standard","has-post-thumbnail","hentry","category-novosti"],"yoast_head":"<!-- This site is optimized with the Yoast SEO plugin v27.1.1 - https:\/\/yoast.com\/product\/yoast-seo-wordpress\/ -->\n<title>Hotel Materra primio Godi\u0161nju nagradu za zelenu gradnju i odr\u017eivo izgra\u0111eni okoli\u0161 - Hotel Materra<\/title>\n<meta name=\"robots\" content=\"noindex, follow, max-snippet:-1, max-image-preview:large, max-video-preview:-1\" \/>\n<meta property=\"og:locale\" content=\"en_US\" \/>\n<meta property=\"og:type\" content=\"article\" \/>\n<meta property=\"og:title\" content=\"Hotel Materra primio Godi\u0161nju nagradu za zelenu gradnju i odr\u017eivo izgra\u0111eni okoli\u0161 - Hotel Materra\" \/>\n<meta property=\"og:description\" content=\"Hotel Materra nagra\u0111en je Godi\u0161njom nagradom za zelenu gradnju i odr\u017eivo izgra\u0111eni okoli\u0161 u kategoriji Gra\u0111evina godine \u2013 Novogradnja, nagradom koju od 2016. godine dodjeluje Hrvatski savjet za zelenu gradnju.\" \/>\n<meta property=\"og:url\" content=\"https:\/\/staging.hotelmaterra.com\/en\/news\/hotel-materra-primio-godisnju-nagradu-za-zelenu-gradnju-i-odrzivo-izgradeni-okolis\/\" \/>\n<meta property=\"og:site_name\" content=\"Hotel Materra\" \/>\n<meta property=\"article:publisher\" content=\"https:\/\/www.facebook.com\/hotelmaterra\" \/>\n<meta property=\"article:published_time\" content=\"2024-07-04T11:03:05+00:00\" \/>\n<meta property=\"article:modified_time\" content=\"2024-08-09T12:01:48+00:00\" \/>\n<meta property=\"og:image\" content=\"https:\/\/staging.hotelmaterra.com\/wp-content\/uploads\/2024\/08\/ZITO-GRUPA-min-copy.webp\" \/>\n\t<meta property=\"og:image:width\" content=\"2500\" \/>\n\t<meta property=\"og:image:height\" content=\"1667\" \/>\n\t<meta property=\"og:image:type\" content=\"image\/webp\" \/>\n<meta name=\"author\" content=\"admin_tryhard\" \/>\n<meta name=\"twitter:card\" content=\"summary_large_image\" \/>\n<meta name=\"twitter:label1\" content=\"Written by\" \/>\n\t<meta name=\"twitter:data1\" content=\"admin_tryhard\" \/>\n\t<meta name=\"twitter:label2\" content=\"Est. reading time\" \/>\n\t<meta name=\"twitter:data2\" content=\"2 minutes\" \/>\n<script type=\"application\/ld+json\" class=\"yoast-schema-graph\">{\"@context\":\"https:\/\/schema.org\",\"@graph\":[{\"@type\":\"Article\",\"@id\":\"https:\/\/staging.hotelmaterra.com\/novosti\/hotel-materra-primio-godisnju-nagradu-za-zelenu-gradnju-i-odrzivo-izgradeni-okolis\/#article\",\"isPartOf\":{\"@id\":\"https:\/\/staging.hotelmaterra.com\/novosti\/hotel-materra-primio-godisnju-nagradu-za-zelenu-gradnju-i-odrzivo-izgradeni-okolis\/\"},\"author\":{\"name\":\"admin_tryhard\",\"@id\":\"https:\/\/staging.hotelmaterra.com\/#\/schema\/person\/b9ff14ff3f23cfcafbebe79bc5a52504\"},\"headline\":\"Hotel Materra primio Godi\u0161nju nagradu za zelenu gradnju i odr\u017eivo izgra\u0111eni okoli\u0161\",\"datePublished\":\"2024-07-04T11:03:05+00:00\",\"dateModified\":\"2024-08-09T12:01:48+00:00\",\"mainEntityOfPage\":{\"@id\":\"https:\/\/staging.hotelmaterra.com\/novosti\/hotel-materra-primio-godisnju-nagradu-za-zelenu-gradnju-i-odrzivo-izgradeni-okolis\/\"},\"wordCount\":263,\"commentCount\":0,\"publisher\":{\"@id\":\"https:\/\/staging.hotelmaterra.com\/#organization\"},\"image\":{\"@id\":\"https:\/\/staging.hotelmaterra.com\/novosti\/hotel-materra-primio-godisnju-nagradu-za-zelenu-gradnju-i-odrzivo-izgradeni-okolis\/#primaryimage\"},\"thumbnailUrl\":\"https:\/\/staging.hotelmaterra.com\/wp-content\/uploads\/2024\/08\/ZITO-GRUPA-min-copy.webp\",\"articleSection\":[\"Novosti\"],\"inLanguage\":\"en-US\"},{\"@type\":\"WebPage\",\"@id\":\"https:\/\/staging.hotelmaterra.com\/novosti\/hotel-materra-primio-godisnju-nagradu-za-zelenu-gradnju-i-odrzivo-izgradeni-okolis\/\",\"url\":\"https:\/\/staging.hotelmaterra.com\/novosti\/hotel-materra-primio-godisnju-nagradu-za-zelenu-gradnju-i-odrzivo-izgradeni-okolis\/\",\"name\":\"Hotel Materra primio Godi\u0161nju nagradu za zelenu gradnju i odr\u017eivo izgra\u0111eni okoli\u0161 - Hotel Materra\",\"isPartOf\":{\"@id\":\"https:\/\/staging.hotelmaterra.com\/#website\"},\"primaryImageOfPage\":{\"@id\":\"https:\/\/staging.hotelmaterra.com\/novosti\/hotel-materra-primio-godisnju-nagradu-za-zelenu-gradnju-i-odrzivo-izgradeni-okolis\/#primaryimage\"},\"image\":{\"@id\":\"https:\/\/staging.hotelmaterra.com\/novosti\/hotel-materra-primio-godisnju-nagradu-za-zelenu-gradnju-i-odrzivo-izgradeni-okolis\/#primaryimage\"},\"thumbnailUrl\":\"https:\/\/staging.hotelmaterra.com\/wp-content\/uploads\/2024\/08\/ZITO-GRUPA-min-copy.webp\",\"datePublished\":\"2024-07-04T11:03:05+00:00\",\"dateModified\":\"2024-08-09T12:01:48+00:00\",\"inLanguage\":\"en-US\",\"potentialAction\":[{\"@type\":\"ReadAction\",\"target\":[\"https:\/\/staging.hotelmaterra.com\/novosti\/hotel-materra-primio-godisnju-nagradu-za-zelenu-gradnju-i-odrzivo-izgradeni-okolis\/\"]}]},{\"@type\":\"ImageObject\",\"inLanguage\":\"en-US\",\"@id\":\"https:\/\/staging.hotelmaterra.com\/novosti\/hotel-materra-primio-godisnju-nagradu-za-zelenu-gradnju-i-odrzivo-izgradeni-okolis\/#primaryimage\",\"url\":\"https:\/\/staging.hotelmaterra.com\/wp-content\/uploads\/2024\/08\/ZITO-GRUPA-min-copy.webp\",\"contentUrl\":\"https:\/\/staging.hotelmaterra.com\/wp-content\/uploads\/2024\/08\/ZITO-GRUPA-min-copy.webp\",\"width\":2500,\"height\":1667},{\"@type\":\"WebSite\",\"@id\":\"https:\/\/staging.hotelmaterra.com\/#website\",\"url\":\"https:\/\/staging.hotelmaterra.com\/\",\"name\":\"Hotel Materra\",\"description\":\"Back to the Roots\",\"publisher\":{\"@id\":\"https:\/\/staging.hotelmaterra.com\/#organization\"},\"potentialAction\":[{\"@type\":\"SearchAction\",\"target\":{\"@type\":\"EntryPoint\",\"urlTemplate\":\"https:\/\/staging.hotelmaterra.com\/?s={search_term_string}\"},\"query-input\":{\"@type\":\"PropertyValueSpecification\",\"valueRequired\":true,\"valueName\":\"search_term_string\"}}],\"inLanguage\":\"en-US\"},{\"@type\":\"Organization\",\"@id\":\"https:\/\/staging.hotelmaterra.com\/#organization\",\"name\":\"Hotel Materra\",\"url\":\"https:\/\/staging.hotelmaterra.com\/\",\"logo\":{\"@type\":\"ImageObject\",\"inLanguage\":\"en-US\",\"@id\":\"https:\/\/staging.hotelmaterra.com\/#\/schema\/logo\/image\/\",\"url\":\"https:\/\/staging.hotelmaterra.com\/wp-content\/uploads\/2024\/01\/cropped-Materra-Logo-scaled-1-copy.jpg\",\"contentUrl\":\"https:\/\/staging.hotelmaterra.com\/wp-content\/uploads\/2024\/01\/cropped-Materra-Logo-scaled-1-copy.jpg\",\"width\":696,\"height\":696,\"caption\":\"Hotel Materra\"},\"image\":{\"@id\":\"https:\/\/staging.hotelmaterra.com\/#\/schema\/logo\/image\/\"},\"sameAs\":[\"https:\/\/www.facebook.com\/hotelmaterra\",\"https:\/\/www.instagram.com\/hotelmaterra\/\"]},{\"@type\":\"Person\",\"@id\":\"https:\/\/staging.hotelmaterra.com\/#\/schema\/person\/b9ff14ff3f23cfcafbebe79bc5a52504\",\"name\":\"admin_tryhard\",\"sameAs\":[\"https:\/\/staging.hotelmaterra.com\"],\"url\":\"https:\/\/staging.hotelmaterra.com\/en\/author\/admin_tryhard\/\"}]}<\/script>\n<!-- \/ Yoast SEO plugin. -->","yoast_head_json":{"title":"Hotel Materra primio Godi\u0161nju nagradu za zelenu gradnju i odr\u017eivo izgra\u0111eni okoli\u0161 - Hotel Materra","robots":{"index":"noindex","follow":"follow","max-snippet":"max-snippet:-1","max-image-preview":"max-image-preview:large","max-video-preview":"max-video-preview:-1"},"og_locale":"en_US","og_type":"article","og_title":"Hotel Materra primio Godi\u0161nju nagradu za zelenu gradnju i odr\u017eivo izgra\u0111eni okoli\u0161 - Hotel Materra","og_description":"Hotel Materra nagra\u0111en je Godi\u0161njom nagradom za zelenu gradnju i odr\u017eivo izgra\u0111eni okoli\u0161 u kategoriji Gra\u0111evina godine \u2013 Novogradnja, nagradom koju od 2016. godine dodjeluje Hrvatski savjet za zelenu gradnju.","og_url":"https:\/\/staging.hotelmaterra.com\/en\/news\/hotel-materra-primio-godisnju-nagradu-za-zelenu-gradnju-i-odrzivo-izgradeni-okolis\/","og_site_name":"Hotel Materra","article_publisher":"https:\/\/www.facebook.com\/hotelmaterra","article_published_time":"2024-07-04T11:03:05+00:00","article_modified_time":"2024-08-09T12:01:48+00:00","og_image":[{"width":2500,"height":1667,"url":"https:\/\/staging.hotelmaterra.com\/wp-content\/uploads\/2024\/08\/ZITO-GRUPA-min-copy.webp","type":"image\/webp"}],"author":"admin_tryhard","twitter_card":"summary_large_image","twitter_misc":{"Written by":"admin_tryhard","Est. reading time":"2 minutes"},"schema":{"@context":"https:\/\/schema.org","@graph":[{"@type":"Article","@id":"https:\/\/staging.hotelmaterra.com\/novosti\/hotel-materra-primio-godisnju-nagradu-za-zelenu-gradnju-i-odrzivo-izgradeni-okolis\/#article","isPartOf":{"@id":"https:\/\/staging.hotelmaterra.com\/novosti\/hotel-materra-primio-godisnju-nagradu-za-zelenu-gradnju-i-odrzivo-izgradeni-okolis\/"},"author":{"name":"admin_tryhard","@id":"https:\/\/staging.hotelmaterra.com\/#\/schema\/person\/b9ff14ff3f23cfcafbebe79bc5a52504"},"headline":"Hotel Materra primio Godi\u0161nju nagradu za zelenu gradnju i odr\u017eivo izgra\u0111eni okoli\u0161","datePublished":"2024-07-04T11:03:05+00:00","dateModified":"2024-08-09T12:01:48+00:00","mainEntityOfPage":{"@id":"https:\/\/staging.hotelmaterra.com\/novosti\/hotel-materra-primio-godisnju-nagradu-za-zelenu-gradnju-i-odrzivo-izgradeni-okolis\/"},"wordCount":263,"commentCount":0,"publisher":{"@id":"https:\/\/staging.hotelmaterra.com\/#organization"},"image":{"@id":"https:\/\/staging.hotelmaterra.com\/novosti\/hotel-materra-primio-godisnju-nagradu-za-zelenu-gradnju-i-odrzivo-izgradeni-okolis\/#primaryimage"},"thumbnailUrl":"https:\/\/staging.hotelmaterra.com\/wp-content\/uploads\/2024\/08\/ZITO-GRUPA-min-copy.webp","articleSection":["Novosti"],"inLanguage":"en-US"},{"@type":"WebPage","@id":"https:\/\/staging.hotelmaterra.com\/novosti\/hotel-materra-primio-godisnju-nagradu-za-zelenu-gradnju-i-odrzivo-izgradeni-okolis\/","url":"https:\/\/staging.hotelmaterra.com\/novosti\/hotel-materra-primio-godisnju-nagradu-za-zelenu-gradnju-i-odrzivo-izgradeni-okolis\/","name":"Hotel Materra primio Godi\u0161nju nagradu za zelenu gradnju i odr\u017eivo izgra\u0111eni okoli\u0161 - Hotel Materra","isPartOf":{"@id":"https:\/\/staging.hotelmaterra.com\/#website"},"primaryImageOfPage":{"@id":"https:\/\/staging.hotelmaterra.com\/novosti\/hotel-materra-primio-godisnju-nagradu-za-zelenu-gradnju-i-odrzivo-izgradeni-okolis\/#primaryimage"},"image":{"@id":"https:\/\/staging.hotelmaterra.com\/novosti\/hotel-materra-primio-godisnju-nagradu-za-zelenu-gradnju-i-odrzivo-izgradeni-okolis\/#primaryimage"},"thumbnailUrl":"https:\/\/staging.hotelmaterra.com\/wp-content\/uploads\/2024\/08\/ZITO-GRUPA-min-copy.webp","datePublished":"2024-07-04T11:03:05+00:00","dateModified":"2024-08-09T12:01:48+00:00","inLanguage":"en-US","potentialAction":[{"@type":"ReadAction","target":["https:\/\/staging.hotelmaterra.com\/novosti\/hotel-materra-primio-godisnju-nagradu-za-zelenu-gradnju-i-odrzivo-izgradeni-okolis\/"]}]},{"@type":"ImageObject","inLanguage":"en-US","@id":"https:\/\/staging.hotelmaterra.com\/novosti\/hotel-materra-primio-godisnju-nagradu-za-zelenu-gradnju-i-odrzivo-izgradeni-okolis\/#primaryimage","url":"https:\/\/staging.hotelmaterra.com\/wp-content\/uploads\/2024\/08\/ZITO-GRUPA-min-copy.webp","contentUrl":"https:\/\/staging.hotelmaterra.com\/wp-content\/uploads\/2024\/08\/ZITO-GRUPA-min-copy.webp","width":2500,"height":1667},{"@type":"WebSite","@id":"https:\/\/staging.hotelmaterra.com\/#website","url":"https:\/\/staging.hotelmaterra.com\/","name":"Hotel Materra","description":"Back to the Roots","publisher":{"@id":"https:\/\/staging.hotelmaterra.com\/#organization"},"potentialAction":[{"@type":"SearchAction","target":{"@type":"EntryPoint","urlTemplate":"https:\/\/staging.hotelmaterra.com\/?s={search_term_string}"},"query-input":{"@type":"PropertyValueSpecification","valueRequired":true,"valueName":"search_term_string"}}],"inLanguage":"en-US"},{"@type":"Organization","@id":"https:\/\/staging.hotelmaterra.com\/#organization","name":"Hotel Materra","url":"https:\/\/staging.hotelmaterra.com\/","logo":{"@type":"ImageObject","inLanguage":"en-US","@id":"https:\/\/staging.hotelmaterra.com\/#\/schema\/logo\/image\/","url":"https:\/\/staging.hotelmaterra.com\/wp-content\/uploads\/2024\/01\/cropped-Materra-Logo-scaled-1-copy.jpg","contentUrl":"https:\/\/staging.hotelmaterra.com\/wp-content\/uploads\/2024\/01\/cropped-Materra-Logo-scaled-1-copy.jpg","width":696,"height":696,"caption":"Hotel Materra"},"image":{"@id":"https:\/\/staging.hotelmaterra.com\/#\/schema\/logo\/image\/"},"sameAs":["https:\/\/www.facebook.com\/hotelmaterra","https:\/\/www.instagram.com\/hotelmaterra\/"]},{"@type":"Person","@id":"https:\/\/staging.hotelmaterra.com\/#\/schema\/person\/b9ff14ff3f23cfcafbebe79bc5a52504","name":"admin_tryhard","sameAs":["https:\/\/staging.hotelmaterra.com"],"url":"https:\/\/staging.hotelmaterra.com\/en\/author\/admin_tryhard\/"}]}},"_links":{"self":[{"href":"https:\/\/staging.hotelmaterra.com\/en\/wp-json\/wp\/v2\/posts\/529","targetHints":{"allow":["GET"]}}],"collection":[{"href":"https:\/\/staging.hotelmaterra.com\/en\/wp-json\/wp\/v2\/posts"}],"about":[{"href":"https:\/\/staging.hotelmaterra.com\/en\/wp-json\/wp\/v2\/types\/post"}],"author":[{"embeddable":true,"href":"https:\/\/staging.hotelmaterra.com\/en\/wp-json\/wp\/v2\/users\/1"}],"replies":[{"embeddable":true,"href":"https:\/\/staging.hotelmaterra.com\/en\/wp-json\/wp\/v2\/comments?post=529"}],"version-history":[{"count":7,"href":"https:\/\/staging.hotelmaterra.com\/en\/wp-json\/wp\/v2\/posts\/529\/revisions"}],"predecessor-version":[{"id":563,"href":"https:\/\/staging.hotelmaterra.com\/en\/wp-json\/wp\/v2\/posts\/529\/revisions\/563"}],"wp:featuredmedia":[{"embeddable":true,"href":"https:\/\/staging.hotelmaterra.com\/en\/wp-json\/wp\/v2\/media\/530"}],"wp:attachment":[{"href":"https:\/\/staging.hotelmaterra.com\/en\/wp-json\/wp\/v2\/media?parent=529"}],"wp:term":[{"taxonomy":"category","embeddable":true,"href":"https:\/\/staging.hotelmaterra.com\/en\/wp-json\/wp\/v2\/categories?post=529"},{"taxonomy":"post_tag","embeddable":true,"href":"https:\/\/staging.hotelmaterra.com\/en\/wp-json\/wp\/v2\/tags?post=529"}],"curies":[{"name":"wp","href":"https:\/\/api.w.org\/{rel}","templated":true}]}}